{"id":766,"date":"2013-02-07T12:26:13","date_gmt":"2013-02-07T11:26:13","guid":{"rendered":"https:\/\/www.christianmorel.com\/blog\/?p=766"},"modified":"2014-12-31T14:13:40","modified_gmt":"2014-12-31T13:13:40","slug":"reception-aux-invalides-paris","status":"publish","type":"post","link":"https:\/\/www.christianmorel.com\/blog\/reception-aux-invalides-paris","title":{"rendered":"R\u00e9ception aux invalides, Paris"},"content":{"rendered":"<p><img loading=\"lazy\" decoding=\"async\" class=\"aligncenter size-full wp-image-769\" title=\"R\u00e9ception aux invalides, fleuriste Christian Morel Paris\" src=\"https:\/\/www.christianmorel.com\/blog\/wp-content\/uploads\/CM_D_aviation_3_blog.jpg\" alt=\"\" width=\"575\" height=\"767\" srcset=\"https:\/\/www.christianmorel.com\/blog\/wp-content\/uploads\/CM_D_aviation_3_blog.jpg 575w, https:\/\/www.christianmorel.com\/blog\/wp-content\/uploads\/CM_D_aviation_3_blog-446x595.jpg 446w, https:\/\/www.christianmorel.com\/blog\/wp-content\/uploads\/CM_D_aviation_3_blog-287x382.jpg 287w\" sizes=\"auto, (max-width: 575px) 100vw, 575px\" \/><\/p>\n<p>Au cours du mois de juin, le fleuriste Christian Morel d\u00e9corait un des espaces du mus\u00e9e de l&rsquo;aviation, \u00e0 Paris, non loin des Invalides, pour une r\u00e9ception sp\u00e9ciale.<\/p>\n<p><img loading=\"lazy\" decoding=\"async\" class=\"aligncenter size-full wp-image-770\" title=\"R\u00e9ception aux invalides, fleuriste Christian Morel Paris\" src=\"https:\/\/www.christianmorel.com\/blog\/wp-content\/uploads\/CM_D_aviation_2_blog1.jpg\" alt=\"\" width=\"575\" height=\"767\" srcset=\"https:\/\/www.christianmorel.com\/blog\/wp-content\/uploads\/CM_D_aviation_2_blog1.jpg 575w, https:\/\/www.christianmorel.com\/blog\/wp-content\/uploads\/CM_D_aviation_2_blog1-446x595.jpg 446w, https:\/\/www.christianmorel.com\/blog\/wp-content\/uploads\/CM_D_aviation_2_blog1-287x382.jpg 287w\" sizes=\"auto, (max-width: 575px) 100vw, 575px\" \/><\/p>\n<p>L&rsquo;\u00e9quipe Christian Morel \u00e9tait en charge de toute la d\u00e9coration florale de l&rsquo;\u00e9v\u00e8nement et a imagin\u00e9 des compositions autour du th\u00e8me girly.<\/p>\n<p>Des gigantesques motifs de buffets ont \u00e9t\u00e9 dispos\u00e9s dans la salle, pour une impression g\u00e9n\u00e9reuse, d\u00e9licate et f\u00e9minine. Le fleuriste a voulu recr\u00e9er une ambiance douce mais gourmande, avec des compositions rappelant des coupes de chantilly fleuries, pour une impression mousseuse et l\u00e9g\u00e8re.<\/p>\n<p>Roses et hortensias roses \u00e9taient r\u00e9partis par masses et dispos\u00e9s sur de tr\u00e8s grands vases remplis d&rsquo;eau color\u00e9e rose, pour coller au th\u00e8me f\u00e9minin de la r\u00e9ception.<\/p>\n<p><img loading=\"lazy\" decoding=\"async\" class=\"aligncenter size-full wp-image-771\" title=\"R\u00e9ception aux invalides, fleuriste Christian Morel Paris\" src=\"https:\/\/www.christianmorel.com\/blog\/wp-content\/uploads\/CM_D_aviation_1_blog1.jpg\" alt=\"\" width=\"575\" height=\"767\" srcset=\"https:\/\/www.christianmorel.com\/blog\/wp-content\/uploads\/CM_D_aviation_1_blog1.jpg 575w, https:\/\/www.christianmorel.com\/blog\/wp-content\/uploads\/CM_D_aviation_1_blog1-446x595.jpg 446w, https:\/\/www.christianmorel.com\/blog\/wp-content\/uploads\/CM_D_aviation_1_blog1-287x382.jpg 287w\" sizes=\"auto, (max-width: 575px) 100vw, 575px\" \/><\/p>\n<p>Dans les espaces et couloirs menant \u00e0 la salle de l&rsquo;\u00e9v\u00e8nement, le fleuriste Christian Morel a dispos\u00e9 des all\u00e9es majestueuses de roses pour inviter \u00e0 entrer dans l&rsquo;univers doux et chaleureux de la r\u00e9ception.<\/p>\n<p>N&rsquo;h\u00e9sitez pas, et faites appel \u00e0 Christian Morel pour la d\u00e9coration florale de tous vos \u00e9v\u00e8nements, m\u00eame les plus atypiques !<\/p>\n<p>A bient\u00f4t,<\/p>\n<p>L&rsquo;\u00e9quipe Christian Morel<\/p>\n","protected":false},"excerpt":{"rendered":"<p>Au cours du mois de juin, le fleuriste Christian Morel d\u00e9corait un des espaces du mus\u00e9e de l&rsquo;aviation, \u00e0 Paris, non loin des Invalides, pour une r\u00e9ception sp\u00e9ciale. L&rsquo;\u00e9quipe Christian Morel \u00e9tait en charge de toute la d\u00e9coration florale de l&rsquo;\u00e9v\u00e8nement et a imagin\u00e9 des compositions autour du th\u00e8me girly.<\/p>\n","protected":false},"author":2,"featured_media":0,"comment_status":"open","ping_status":"closed","sticky":false,"template":"","format":"standard","meta":{"_acf_changed":false,"_monsterinsights_skip_tracking":false,"_monsterinsights_sitenote_active":false,"_monsterinsights_sitenote_note":"","_monsterinsights_sitenote_category":0,"footnotes":""},"categories":[7,11,19],"tags":[232,231,229,25,135,235,29,86,234,21,230,52,127,85,233],"class_list":["post-766","post","type-post","status-publish","format-standard","hentry","category-actualite","category-decoration","category-evenementiel","tag-atypique","tag-chaleureux","tag-decor","tag-decoration-florale","tag-evenement","tag-feminin","tag-fleuriste","tag-girly","tag-hortensia","tag-motif-de-buffet","tag-musee","tag-paris","tag-reception","tag-rose","tag-salle"],"acf":[],"aioseo_notices":[],"_links":{"self":[{"href":"https:\/\/www.christianmorel.com\/blog\/wp-json\/wp\/v2\/posts\/766","targetHints":{"allow":["GET"]}}],"collection":[{"href":"https:\/\/www.christianmorel.com\/blog\/wp-json\/wp\/v2\/posts"}],"about":[{"href":"https:\/\/www.christianmorel.com\/blog\/wp-json\/wp\/v2\/types\/post"}],"author":[{"embeddable":true,"href":"https:\/\/www.christianmorel.com\/blog\/wp-json\/wp\/v2\/users\/2"}],"replies":[{"embeddable":true,"href":"https:\/\/www.christianmorel.com\/blog\/wp-json\/wp\/v2\/comments?post=766"}],"version-history":[{"count":9,"href":"https:\/\/www.christianmorel.com\/blog\/wp-json\/wp\/v2\/posts\/766\/revisions"}],"predecessor-version":[{"id":839,"href":"https:\/\/www.christianmorel.com\/blog\/wp-json\/wp\/v2\/posts\/766\/revisions\/839"}],"wp:attachment":[{"href":"https:\/\/www.christianmorel.com\/blog\/wp-json\/wp\/v2\/media?parent=766"}],"wp:term":[{"taxonomy":"category","embeddable":true,"href":"https:\/\/www.christianmorel.com\/blog\/wp-json\/wp\/v2\/categories?post=766"},{"taxonomy":"post_tag","embeddable":true,"href":"https:\/\/www.christianmorel.com\/blog\/wp-json\/wp\/v2\/tags?post=766"}],"curies":[{"name":"wp","href":"https:\/\/api.w.org\/{rel}","templated":true}]}}