{"id":627,"date":"2011-03-01T18:20:01","date_gmt":"2011-03-01T17:20:01","guid":{"rendered":"https:\/\/www.christianmorel.com\/blog\/?p=627"},"modified":"2014-12-31T14:23:16","modified_gmt":"2014-12-31T13:23:16","slug":"fetons-nos-mamies","status":"publish","type":"post","link":"https:\/\/www.christianmorel.com\/blog\/fetons-nos-mamies","title":{"rendered":"F\u00eatons nos mamies!!"},"content":{"rendered":"<p><img loading=\"lazy\" decoding=\"async\" class=\"aligncenter size-medium wp-image-626\" title=\"f\u00eate des grands m\u00e8res 2011 \" src=\"https:\/\/www.christianmorel.com\/blog\/wp-content\/uploads\/f\u00eate-des-grands-m\u00e8res-2011-4-575x429.jpg\" alt=\"\" width=\"575\" height=\"429\" srcset=\"https:\/\/www.christianmorel.com\/blog\/wp-content\/uploads\/f\u00eate-des-grands-m\u00e8res-2011-4-575x429.jpg 575w, https:\/\/www.christianmorel.com\/blog\/wp-content\/uploads\/f\u00eate-des-grands-m\u00e8res-2011-4-287x214.jpg 287w, https:\/\/www.christianmorel.com\/blog\/wp-content\/uploads\/f\u00eate-des-grands-m\u00e8res-2011-4-800x597.jpg 800w\" sizes=\"auto, (max-width: 575px) 100vw, 575px\" \/><\/p>\n<p>Le 6 mars c&rsquo;est la f\u00eate des Grands m\u00e8res!!! <!--more-->Les jonquilles et\u00a0les fleurs de printemps pointent le bout de leur p\u00e9tales pour nous annoncer la venur proche des beaux jours&#8230;<\/p>\n<p>Et c&rsquo;est l&rsquo;occasion de dire \u00e0 nos grands m\u00e8res \u00e0 quel point on les aime!<\/p>\n<p>Nous vous pr\u00e9parons \u00e0 cette occasion une jolie boutique et de petites compositions florales fraiches et printanni\u00e8res pour tous les budgets afin que les enfants puissent venir chercher le petit cadeau qui ensoleillera la journ\u00e9e de notre a\u00efeule.<\/p>\n<p>Nous vous attendons en Boutique \u00e0 cette occasion au 44 rue Oberkampf, 75011 Paris.<\/p>\n<p>A tr\u00e8s bient\u00f4t,<\/p>\n<p>Christian MOREL<\/p>\n","protected":false},"excerpt":{"rendered":"<p>Le 6 mars c&rsquo;est la f\u00eate des grands m\u00e8res&#8230; Pensez \u00e0 votre mamie!<\/p>\n","protected":false},"author":2,"featured_media":0,"comment_status":"open","ping_status":"closed","sticky":false,"template":"","format":"standard","meta":{"_acf_changed":false,"_monsterinsights_skip_tracking":false,"_monsterinsights_sitenote_active":false,"_monsterinsights_sitenote_note":"","_monsterinsights_sitenote_category":0,"footnotes":""},"categories":[7,12,11],"tags":[61,169,71,48,170,98],"class_list":["post-627","post","type-post","status-publish","format-standard","hentry","category-actualite","category-boutique","category-decoration","tag-compositions-florales","tag-fete-des-grands-meres","tag-grand-mere","tag-idee-cadeau","tag-jonquilles","tag-printemps"],"acf":[],"aioseo_notices":[],"_links":{"self":[{"href":"https:\/\/www.christianmorel.com\/blog\/wp-json\/wp\/v2\/posts\/627","targetHints":{"allow":["GET"]}}],"collection":[{"href":"https:\/\/www.christianmorel.com\/blog\/wp-json\/wp\/v2\/posts"}],"about":[{"href":"https:\/\/www.christianmorel.com\/blog\/wp-json\/wp\/v2\/types\/post"}],"author":[{"embeddable":true,"href":"https:\/\/www.christianmorel.com\/blog\/wp-json\/wp\/v2\/users\/2"}],"replies":[{"embeddable":true,"href":"https:\/\/www.christianmorel.com\/blog\/wp-json\/wp\/v2\/comments?post=627"}],"version-history":[{"count":1,"href":"https:\/\/www.christianmorel.com\/blog\/wp-json\/wp\/v2\/posts\/627\/revisions"}],"predecessor-version":[{"id":628,"href":"https:\/\/www.christianmorel.com\/blog\/wp-json\/wp\/v2\/posts\/627\/revisions\/628"}],"wp:attachment":[{"href":"https:\/\/www.christianmorel.com\/blog\/wp-json\/wp\/v2\/media?parent=627"}],"wp:term":[{"taxonomy":"category","embeddable":true,"href":"https:\/\/www.christianmorel.com\/blog\/wp-json\/wp\/v2\/categories?post=627"},{"taxonomy":"post_tag","embeddable":true,"href":"https:\/\/www.christianmorel.com\/blog\/wp-json\/wp\/v2\/tags?post=627"}],"curies":[{"name":"wp","href":"https:\/\/api.w.org\/{rel}","templated":true}]}}