{"id":369,"date":"2010-02-24T18:26:43","date_gmt":"2010-02-24T17:26:43","guid":{"rendered":"https:\/\/www.christianmorel.com\/blog\/?p=369"},"modified":"2014-12-31T14:45:14","modified_gmt":"2014-12-31T13:45:14","slug":"fumee-et-orchidees-rue-oberkampf","status":"publish","type":"post","link":"https:\/\/www.christianmorel.com\/blog\/fumee-et-orchidees-rue-oberkampf","title":{"rendered":"Fum\u00e9e et orchid\u00e9es rue Oberkampf"},"content":{"rendered":"<p><img loading=\"lazy\" decoding=\"async\" class=\"aligncenter size-medium wp-image-370\" title=\"vitrine rue oberkampf\" src=\"https:\/\/www.christianmorel.com\/blog\/wp-content\/uploads\/IMG_4938-575x862.jpg\" alt=\"\" width=\"575\" height=\"862\" \/><\/p>\n<p>C&rsquo;est dans la couleur violine, prune que se d\u00e9cline la vitrine du fleuriste de la rue Oberkampf cette semaine. De grandes branches de tortuosa sont plac\u00e9es dans de grands vases desquels \u00e9mane de la fum\u00e9e. <!--more--><\/p>\n<p>L&rsquo;association de la fum\u00e9e et de l&rsquo;eau color\u00e9e prune donne \u00e0 cette vitrine une atmosph\u00e8re particuli\u00e8re, myst\u00e9rieuse, presque mystique.<\/p>\n<p>De petits vases de phalaenopsis Omega et de callas blancs viennent agr\u00e9menter l&rsquo;ensemble d&rsquo;une touche d\u00e9licate et \u00e9l\u00e9gante.<\/p>\n<p><img loading=\"lazy\" decoding=\"async\" class=\"aligncenter size-medium wp-image-371\" title=\"Vitrine rue Oberkampf\" src=\"https:\/\/www.christianmorel.com\/blog\/wp-content\/uploads\/IMG_4936-575x862.jpg\" alt=\"\" width=\"575\" height=\"862\" \/><\/p>\n<p>Sur le c\u00f4t\u00e9 gauche de la vitrine, nous avons r\u00e9alis\u00e9 un rappel et des branches d&rsquo;orchid\u00e9es\u00a0rose p\u00e2le\u00a0et des tiges de callas blancs sont travaill\u00e9es dans de petits vases transparents remplis d&rsquo;eau color\u00e9e prune. Une grande branche d&rsquo;orchid\u00e9e retombe sur une masse de gen\u00eat pour donner de la hauteur et de l&rsquo;ampleur \u00e0 ce c\u00f4t\u00e9 de la vitrine.<\/p>\n<p>J&rsquo;esp\u00e8re que cette\u00a0d\u00e9coration vous aura plus et qu&rsquo;elle saura vous donner l&rsquo;envie de nous rendre visite. Nous nous ferons un plaisir de vous accueillir, vous renseigner et\u00a0vous servir.<\/p>\n<p>A tr\u00e8s bient\u00f4t,<\/p>\n<p>Christian Morel<\/p>\n","protected":false},"excerpt":{"rendered":"<p>Venez d\u00e9couvrir l&rsquo;atmosph\u00e8re mystique de notre vitrine&#8230;<\/p>\n","protected":false},"author":2,"featured_media":0,"comment_status":"open","ping_status":"closed","sticky":false,"template":"","format":"standard","meta":{"_acf_changed":false,"_monsterinsights_skip_tracking":false,"_monsterinsights_sitenote_active":false,"_monsterinsights_sitenote_note":"","_monsterinsights_sitenote_category":0,"footnotes":""},"categories":[7,12,11],"tags":[69,81660,67,70,34,38,68,41],"class_list":["post-369","post","type-post","status-publish","format-standard","hentry","category-actualite","category-boutique","category-decoration","tag-callas","tag-decoration","tag-fumee","tag-genet","tag-oberkampf","tag-orchidees","tag-vase","tag-vitrine"],"acf":[],"aioseo_notices":[],"_links":{"self":[{"href":"https:\/\/www.christianmorel.com\/blog\/wp-json\/wp\/v2\/posts\/369","targetHints":{"allow":["GET"]}}],"collection":[{"href":"https:\/\/www.christianmorel.com\/blog\/wp-json\/wp\/v2\/posts"}],"about":[{"href":"https:\/\/www.christianmorel.com\/blog\/wp-json\/wp\/v2\/types\/post"}],"author":[{"embeddable":true,"href":"https:\/\/www.christianmorel.com\/blog\/wp-json\/wp\/v2\/users\/2"}],"replies":[{"embeddable":true,"href":"https:\/\/www.christianmorel.com\/blog\/wp-json\/wp\/v2\/comments?post=369"}],"version-history":[{"count":6,"href":"https:\/\/www.christianmorel.com\/blog\/wp-json\/wp\/v2\/posts\/369\/revisions"}],"predecessor-version":[{"id":377,"href":"https:\/\/www.christianmorel.com\/blog\/wp-json\/wp\/v2\/posts\/369\/revisions\/377"}],"wp:attachment":[{"href":"https:\/\/www.christianmorel.com\/blog\/wp-json\/wp\/v2\/media?parent=369"}],"wp:term":[{"taxonomy":"category","embeddable":true,"href":"https:\/\/www.christianmorel.com\/blog\/wp-json\/wp\/v2\/categories?post=369"},{"taxonomy":"post_tag","embeddable":true,"href":"https:\/\/www.christianmorel.com\/blog\/wp-json\/wp\/v2\/tags?post=369"}],"curies":[{"name":"wp","href":"https:\/\/api.w.org\/{rel}","templated":true}]}}