{"id":306,"date":"2010-02-09T19:50:52","date_gmt":"2010-02-09T18:50:52","guid":{"rendered":"https:\/\/www.christianmorel.com\/blog\/?p=306"},"modified":"2014-12-31T14:47:23","modified_gmt":"2014-12-31T13:47:23","slug":"evenementiel-saint-valentin-2010","status":"publish","type":"post","link":"https:\/\/www.christianmorel.com\/blog\/evenementiel-saint-valentin-2010","title":{"rendered":"Ev\u00e8nementiel Saint Valentin 2010"},"content":{"rendered":"<p style=\"text-align: center;\"><img loading=\"lazy\" decoding=\"async\" class=\"aligncenter size-medium wp-image-307\" title=\"Gala HEC\" src=\"https:\/\/www.christianmorel.com\/blog\/wp-content\/uploads\/IMG_4681-575x383.jpg\" alt=\"\" width=\"575\" height=\"383\" \/><\/p>\n<p>En cette veille de Saint Valentin, nous avons eu l&rsquo;occasion de fleurir un \u00e9v\u00e8nementiel organis\u00e9 par une grande \u00e9cole parisienne&#8230; <!--more-->Sur le th\u00e8me de la Dolce Vita, les roses rouges velours venaient orner les tables donnant \u00e0 l&rsquo;ensemble\u00a0des allures de\u00a0diner de Gala&#8230;<\/p>\n<p>Nous avons r\u00e9alis\u00e9 des centres de table en roses rouges dans une eau color\u00e9e champagne \u00e9voquant avant tout la passion des grands amoureux&#8230; Et quoi de mieux que l&rsquo;amour et le champagne pour vivre une Dolce Vita???<\/p>\n<p style=\"text-align: center;\"><img loading=\"lazy\" decoding=\"async\" class=\"aligncenter size-medium wp-image-308\" title=\"Gala HEC\" src=\"https:\/\/www.christianmorel.com\/blog\/wp-content\/uploads\/IMG_4674-575x383.jpg\" alt=\"\" width=\"575\" height=\"383\" \/><\/p>\n<p>Si vous cherchez des id\u00e9es de cadeaux pour vos valentines, messieurs, n&rsquo;h\u00e9sitez pas \u00e0 faire appel \u00e0 nous&#8230; Nous saurons vous orienter dans le choix des fleurs et des compositions et pourrons m\u00eame r\u00e9aliser le centre de table qui ornera votre t\u00eate \u00e0 t\u00eate!<\/p>\n<p>Venez nous rendre visite en boutique pour commander vos fleurs, pr\u00e9parer une surprise que nous livrerons \u00e0 l&rsquo;\u00e9lue de votre coeur en france ou \u00e0 l&rsquo;\u00e9tranger.<\/p>\n<p>A tr\u00e8s bient\u00f4t,<\/p>\n<p>Christian Morel<\/p>\n","protected":false},"excerpt":{"rendered":"<p>En cette veille de Saint Valentin, nous avons eu l&rsquo;occasion de fleurir un \u00e9v\u00e8nementiel organis\u00e9 par une grande \u00e9cole parisienne&#8230; <\/p>\n","protected":false},"author":2,"featured_media":0,"comment_status":"open","ping_status":"closed","sticky":false,"template":"","format":"standard","meta":{"_acf_changed":false,"_monsterinsights_skip_tracking":false,"_monsterinsights_sitenote_active":false,"_monsterinsights_sitenote_note":"","_monsterinsights_sitenote_category":0,"footnotes":""},"categories":[7,12,11,19],"tags":[56,81660,81663,36,54,53,55],"class_list":["post-306","post","type-post","status-publish","format-standard","hentry","category-actualite","category-boutique","category-decoration","category-evenementiel","tag-cadeaux","tag-decoration","tag-evenementiel","tag-fleurs","tag-roses-rouges","tag-saint-valentin","tag-valentin"],"acf":[],"aioseo_notices":[],"_links":{"self":[{"href":"https:\/\/www.christianmorel.com\/blog\/wp-json\/wp\/v2\/posts\/306","targetHints":{"allow":["GET"]}}],"collection":[{"href":"https:\/\/www.christianmorel.com\/blog\/wp-json\/wp\/v2\/posts"}],"about":[{"href":"https:\/\/www.christianmorel.com\/blog\/wp-json\/wp\/v2\/types\/post"}],"author":[{"embeddable":true,"href":"https:\/\/www.christianmorel.com\/blog\/wp-json\/wp\/v2\/users\/2"}],"replies":[{"embeddable":true,"href":"https:\/\/www.christianmorel.com\/blog\/wp-json\/wp\/v2\/comments?post=306"}],"version-history":[{"count":7,"href":"https:\/\/www.christianmorel.com\/blog\/wp-json\/wp\/v2\/posts\/306\/revisions"}],"predecessor-version":[{"id":355,"href":"https:\/\/www.christianmorel.com\/blog\/wp-json\/wp\/v2\/posts\/306\/revisions\/355"}],"wp:attachment":[{"href":"https:\/\/www.christianmorel.com\/blog\/wp-json\/wp\/v2\/media?parent=306"}],"wp:term":[{"taxonomy":"category","embeddable":true,"href":"https:\/\/www.christianmorel.com\/blog\/wp-json\/wp\/v2\/categories?post=306"},{"taxonomy":"post_tag","embeddable":true,"href":"https:\/\/www.christianmorel.com\/blog\/wp-json\/wp\/v2\/tags?post=306"}],"curies":[{"name":"wp","href":"https:\/\/api.w.org\/{rel}","templated":true}]}}