{"id":3024,"date":"2016-10-06T17:44:33","date_gmt":"2016-10-06T16:44:33","guid":{"rendered":"https:\/\/www.christianmorel.com\/blog\/?p=3024"},"modified":"2016-10-06T17:47:50","modified_gmt":"2016-10-06T16:47:50","slug":"biologiquement-bon","status":"publish","type":"post","link":"https:\/\/www.christianmorel.com\/blog\/biologiquement-bon","title":{"rendered":"Biologiquement Bon"},"content":{"rendered":"<p style=\"text-align: left;\">R\u00e9veillez vos papilles!<\/p>\n<p style=\"text-align: left;\">Cette semaine, nous attirons votre attention sur une partie de notre metier trop peu d\u00e9velopp\u00e9. Nous parlons bien s\u00fbr des plantes bio.<\/p>\n<p style=\"text-align: left;\">Les qualit\u00e9s et bien fait de l&rsquo;agriculture biologique ne sont plus \u00e0 d\u00e9montrer. Et quoi de mieux d&rsquo;en profiter, avec les plantes aromatiques!<\/p>\n<p style=\"text-align: center;\"><img loading=\"lazy\" decoding=\"async\" class=\"alignnone size-medium wp-image-3025\" src=\"https:\/\/www.christianmorel.com\/blog\/wp-content\/uploads\/IMG_2226-575x383.jpg\" alt=\"IMG_2226\" width=\"575\" height=\"383\" srcset=\"https:\/\/www.christianmorel.com\/blog\/wp-content\/uploads\/IMG_2226-575x383.jpg 575w, https:\/\/www.christianmorel.com\/blog\/wp-content\/uploads\/IMG_2226-446x297.jpg 446w, https:\/\/www.christianmorel.com\/blog\/wp-content\/uploads\/IMG_2226-287x191.jpg 287w, https:\/\/www.christianmorel.com\/blog\/wp-content\/uploads\/IMG_2226-768x512.jpg 768w, https:\/\/www.christianmorel.com\/blog\/wp-content\/uploads\/IMG_2226-800x533.jpg 800w\" sizes=\"auto, (max-width: 575px) 100vw, 575px\" \/><\/p>\n<p style=\"text-align: center;\">Que ce soit pour leurs qualit\u00e9s olfactives, mais aussi gustatives, elles sauront ravir votre balcon.<\/p>\n<p style=\"text-align: center;\"><img loading=\"lazy\" decoding=\"async\" class=\"alignnone size-medium wp-image-3028\" src=\"https:\/\/www.christianmorel.com\/blog\/wp-content\/uploads\/IMG_2253-575x863.jpg\" alt=\"IMG_2253\" width=\"575\" height=\"863\" srcset=\"https:\/\/www.christianmorel.com\/blog\/wp-content\/uploads\/IMG_2253-575x863.jpg 575w, https:\/\/www.christianmorel.com\/blog\/wp-content\/uploads\/IMG_2253-446x669.jpg 446w, https:\/\/www.christianmorel.com\/blog\/wp-content\/uploads\/IMG_2253-287x431.jpg 287w, https:\/\/www.christianmorel.com\/blog\/wp-content\/uploads\/IMG_2253-768x1152.jpg 768w, https:\/\/www.christianmorel.com\/blog\/wp-content\/uploads\/IMG_2253-800x1200.jpg 800w, https:\/\/www.christianmorel.com\/blog\/wp-content\/uploads\/IMG_2253-scaled.jpg 1707w\" sizes=\"auto, (max-width: 575px) 100vw, 575px\" \/><\/p>\n<p style=\"text-align: center;\">Cultiv\u00e9 dans le sud de la france, sur la commune de Cavaillon (84), ce producteur est reconnu pour son excellente qualit\u00e9 de production.<\/p>\n<p>&nbsp;<\/p>\n<p style=\"text-align: center;\"><img loading=\"lazy\" decoding=\"async\" class=\"alignnone size-medium wp-image-3031\" src=\"https:\/\/www.christianmorel.com\/blog\/wp-content\/uploads\/IMG_2302-575x863.jpg\" alt=\"IMG_2302\" width=\"575\" height=\"863\" srcset=\"https:\/\/www.christianmorel.com\/blog\/wp-content\/uploads\/IMG_2302-575x863.jpg 575w, https:\/\/www.christianmorel.com\/blog\/wp-content\/uploads\/IMG_2302-446x669.jpg 446w, https:\/\/www.christianmorel.com\/blog\/wp-content\/uploads\/IMG_2302-287x431.jpg 287w, https:\/\/www.christianmorel.com\/blog\/wp-content\/uploads\/IMG_2302-768x1152.jpg 768w, https:\/\/www.christianmorel.com\/blog\/wp-content\/uploads\/IMG_2302-800x1200.jpg 800w, https:\/\/www.christianmorel.com\/blog\/wp-content\/uploads\/IMG_2302-scaled.jpg 1707w\" sizes=\"auto, (max-width: 575px) 100vw, 575px\" \/><\/p>\n<p style=\"text-align: center;\">Basilic, Basilic noire, persil, ciboulette, menthe et cerfeuil vous attendent \u00e0 la boutique.<br \/>\nCertifi\u00e9 par Ecocert SAS FR-Bio 01<\/p>\n<p style=\"text-align: center;\"><img loading=\"lazy\" decoding=\"async\" class=\"alignnone size-medium wp-image-3030\" src=\"https:\/\/www.christianmorel.com\/blog\/wp-content\/uploads\/IMG_2274-575x383.jpg\" alt=\"IMG_2274\" width=\"575\" height=\"383\" srcset=\"https:\/\/www.christianmorel.com\/blog\/wp-content\/uploads\/IMG_2274-575x383.jpg 575w, https:\/\/www.christianmorel.com\/blog\/wp-content\/uploads\/IMG_2274-446x297.jpg 446w, https:\/\/www.christianmorel.com\/blog\/wp-content\/uploads\/IMG_2274-287x191.jpg 287w, https:\/\/www.christianmorel.com\/blog\/wp-content\/uploads\/IMG_2274-768x512.jpg 768w, https:\/\/www.christianmorel.com\/blog\/wp-content\/uploads\/IMG_2274-800x533.jpg 800w\" sizes=\"auto, (max-width: 575px) 100vw, 575px\" \/><\/p>\n<p style=\"text-align: center;\">A bient\u00f4t pour de nouvelles aventures!<\/p>\n","protected":false},"excerpt":{"rendered":"<p>R\u00e9veillez vos papilles! Cette semaine, nous attirons votre attention sur une partie de notre metier trop peu d\u00e9velopp\u00e9. Nous parlons bien s\u00fbr des plantes bio. Les qualit\u00e9s et bien fait de l&rsquo;agriculture biologique ne sont plus \u00e0 d\u00e9montrer. Et quoi de mieux d&rsquo;en profiter, avec les plantes aromatiques! Que ce soit pour leurs qualit\u00e9s olfactives, [&hellip;]<\/p>\n","protected":false},"author":2,"featured_media":3029,"comment_status":"open","ping_status":"closed","sticky":false,"template":"","format":"standard","meta":{"_acf_changed":false,"_monsterinsights_skip_tracking":false,"_monsterinsights_sitenote_active":false,"_monsterinsights_sitenote_note":"","_monsterinsights_sitenote_category":0,"footnotes":""},"categories":[7,12,3],"tags":[105641,136,37293,105642,81659],"class_list":["post-3024","post","type-post","status-publish","format-standard","has-post-thumbnail","hentry","category-actualite","category-boutique","category-plantes","tag-biologique","tag-fleuriste-a-paris","tag-fleuriste-paris-11eme","tag-plante-bio","tag-plantes"],"acf":[],"aioseo_notices":[],"_links":{"self":[{"href":"https:\/\/www.christianmorel.com\/blog\/wp-json\/wp\/v2\/posts\/3024","targetHints":{"allow":["GET"]}}],"collection":[{"href":"https:\/\/www.christianmorel.com\/blog\/wp-json\/wp\/v2\/posts"}],"about":[{"href":"https:\/\/www.christianmorel.com\/blog\/wp-json\/wp\/v2\/types\/post"}],"author":[{"embeddable":true,"href":"https:\/\/www.christianmorel.com\/blog\/wp-json\/wp\/v2\/users\/2"}],"replies":[{"embeddable":true,"href":"https:\/\/www.christianmorel.com\/blog\/wp-json\/wp\/v2\/comments?post=3024"}],"version-history":[{"count":4,"href":"https:\/\/www.christianmorel.com\/blog\/wp-json\/wp\/v2\/posts\/3024\/revisions"}],"predecessor-version":[{"id":3036,"href":"https:\/\/www.christianmorel.com\/blog\/wp-json\/wp\/v2\/posts\/3024\/revisions\/3036"}],"wp:featuredmedia":[{"embeddable":true,"href":"https:\/\/www.christianmorel.com\/blog\/wp-json\/wp\/v2\/media\/3029"}],"wp:attachment":[{"href":"https:\/\/www.christianmorel.com\/blog\/wp-json\/wp\/v2\/media?parent=3024"}],"wp:term":[{"taxonomy":"category","embeddable":true,"href":"https:\/\/www.christianmorel.com\/blog\/wp-json\/wp\/v2\/categories?post=3024"},{"taxonomy":"post_tag","embeddable":true,"href":"https:\/\/www.christianmorel.com\/blog\/wp-json\/wp\/v2\/tags?post=3024"}],"curies":[{"name":"wp","href":"https:\/\/api.w.org\/{rel}","templated":true}]}}