{"id":233,"date":"2010-01-14T19:31:50","date_gmt":"2010-01-14T18:31:50","guid":{"rendered":"https:\/\/www.christianmorel.com\/blog\/?p=233"},"modified":"2014-12-31T14:52:10","modified_gmt":"2014-12-31T13:52:10","slug":"evenementiel-a-paris","status":"publish","type":"post","link":"https:\/\/www.christianmorel.com\/blog\/evenementiel-a-paris","title":{"rendered":"EVENEMENTIEL A PARIS"},"content":{"rendered":"<p style=\"text-align: center;\"><img loading=\"lazy\" decoding=\"async\" class=\"aligncenter size-medium wp-image-234\" title=\"Evenementiel Martini \u00e0 PARIS\" src=\"https:\/\/www.christianmorel.com\/blog\/wp-content\/uploads\/IMG_0294-575x766.jpg\" alt=\"\" width=\"575\" height=\"766\" srcset=\"https:\/\/www.christianmorel.com\/blog\/wp-content\/uploads\/IMG_0294-575x766.jpg 575w, https:\/\/www.christianmorel.com\/blog\/wp-content\/uploads\/IMG_0294-446x595.jpg 446w, https:\/\/www.christianmorel.com\/blog\/wp-content\/uploads\/IMG_0294-287x382.jpg 287w, https:\/\/www.christianmorel.com\/blog\/wp-content\/uploads\/IMG_0294.jpg 1200w\" sizes=\"auto, (max-width: 575px) 100vw, 575px\" \/><\/p>\n<p>Il y a quelques temps, nous avons fait la d\u00e9coration florale d&rsquo;une manifestation pour une grande marque d&rsquo;alcool&#8230;. Cet \u00e9v\u00e8nementiel \u00e9tait organis\u00e9 pour le lancement du nouveau vin de cette marque. <!--more--><\/p>\n<p>A l&rsquo;image de ces vins d\u00e9clin\u00e9s en ros\u00e9 et en blanc, nos compositions florales \u00e9taient constitu\u00e9es de rose et de blanc avec toute la gr\u00e2ce des orchid\u00e9es phalaenopsis.\u00a0\u00a0<\/p>\n<p>Des Motifs de buffets constitu\u00e9s de grandes masses d&rsquo;orchid\u00e9es, aux centres de table agr\u00e9ment\u00e9s de fleurons blancs et d\u00e9licats, ce d\u00e9cor \u00e9v\u00e8nementiel \u00e9tait tout en \u00e9l\u00e9gance et simplicit\u00e9.<\/p>\n<p style=\"text-align: center;\"><img loading=\"lazy\" decoding=\"async\" class=\"aligncenter size-medium wp-image-236\" title=\"EVENEMENT MARTINI A PARIS\" src=\"https:\/\/www.christianmorel.com\/blog\/wp-content\/uploads\/IMG_02971-575x766.jpg\" alt=\"\" width=\"575\" height=\"766\" srcset=\"https:\/\/www.christianmorel.com\/blog\/wp-content\/uploads\/IMG_02971-575x766.jpg 575w, https:\/\/www.christianmorel.com\/blog\/wp-content\/uploads\/IMG_02971-446x595.jpg 446w, https:\/\/www.christianmorel.com\/blog\/wp-content\/uploads\/IMG_02971-287x382.jpg 287w, https:\/\/www.christianmorel.com\/blog\/wp-content\/uploads\/IMG_02971.jpg 1200w\" sizes=\"auto, (max-width: 575px) 100vw, 575px\" \/><\/p>\n<p>N&rsquo;h\u00e9sitez pas \u00e0 faire appel \u00e0 nous pour la d\u00e9coration florale\u00a0des manifestations\u00a0que vous pourriez organiser. Venez nous voir en boutique, notre \u00e9quipe de fleuristes saura vous renseigner et vous orienter.<\/p>\n<p>A tr\u00e8s bient\u00f4t,<br \/>\nChristian Morel<\/p>\n","protected":false},"excerpt":{"rendered":"<p>Nous avons r\u00e9alis\u00e9 la d\u00e9coration florale d&rsquo;une grande marque d&rsquo;alcool lors d&rsquo;un \u00e9v\u00e8nement \u00e0 Paris pour le lancement de nouveaux vins.<\/p>\n","protected":false},"author":2,"featured_media":0,"comment_status":"open","ping_status":"closed","sticky":false,"template":"","format":"standard","meta":{"_acf_changed":false,"_monsterinsights_skip_tracking":false,"_monsterinsights_sitenote_active":false,"_monsterinsights_sitenote_note":"","_monsterinsights_sitenote_category":0,"footnotes":""},"categories":[7,11,19],"tags":[27,25,81663,36,40,39],"class_list":["post-233","post","type-post","status-publish","format-standard","hentry","category-actualite","category-decoration","category-evenementiel","tag-centres-de-table","tag-decoration-florale","tag-evenementiel","tag-fleurs","tag-manifestation","tag-motifs-de-buffet"],"acf":[],"aioseo_notices":[],"_links":{"self":[{"href":"https:\/\/www.christianmorel.com\/blog\/wp-json\/wp\/v2\/posts\/233","targetHints":{"allow":["GET"]}}],"collection":[{"href":"https:\/\/www.christianmorel.com\/blog\/wp-json\/wp\/v2\/posts"}],"about":[{"href":"https:\/\/www.christianmorel.com\/blog\/wp-json\/wp\/v2\/types\/post"}],"author":[{"embeddable":true,"href":"https:\/\/www.christianmorel.com\/blog\/wp-json\/wp\/v2\/users\/2"}],"replies":[{"embeddable":true,"href":"https:\/\/www.christianmorel.com\/blog\/wp-json\/wp\/v2\/comments?post=233"}],"version-history":[{"count":7,"href":"https:\/\/www.christianmorel.com\/blog\/wp-json\/wp\/v2\/posts\/233\/revisions"}],"predecessor-version":[{"id":1348,"href":"https:\/\/www.christianmorel.com\/blog\/wp-json\/wp\/v2\/posts\/233\/revisions\/1348"}],"wp:attachment":[{"href":"https:\/\/www.christianmorel.com\/blog\/wp-json\/wp\/v2\/media?parent=233"}],"wp:term":[{"taxonomy":"category","embeddable":true,"href":"https:\/\/www.christianmorel.com\/blog\/wp-json\/wp\/v2\/categories?post=233"},{"taxonomy":"post_tag","embeddable":true,"href":"https:\/\/www.christianmorel.com\/blog\/wp-json\/wp\/v2\/tags?post=233"}],"curies":[{"name":"wp","href":"https:\/\/api.w.org\/{rel}","templated":true}]}}