{"id":154,"date":"2009-12-20T21:00:19","date_gmt":"2009-12-20T20:00:19","guid":{"rendered":"http:\/\/christianmorel.com\/blog\/?p=154"},"modified":"2014-12-31T14:55:19","modified_gmt":"2014-12-31T13:55:19","slug":"le-bouquet-de-la-mariee","status":"publish","type":"post","link":"https:\/\/www.christianmorel.com\/blog\/le-bouquet-de-la-mariee","title":{"rendered":"Le bouquet de la Mari\u00e9e"},"content":{"rendered":"<p><img loading=\"lazy\" decoding=\"async\" class=\"aligncenter size-medium wp-image-155\" title=\"Bouquet de mari\u00e9e roses et mures\" src=\"http:\/\/christianmorel.com\/blog\/wp-content\/uploads\/Copie-de-IMG_1709-575x766.jpg\" alt=\"Bouquet de mari\u00e9e roses et mures\" width=\"575\" height=\"766\" \/><\/p>\n<p>Le mariage, c&rsquo;est la journ\u00e9e des mari\u00e9s&#8230; Mais n&rsquo;est ce pas avant tout la journ\u00e9e de la mari\u00e9e??<!--more--><\/p>\n<p>Et pour la mari\u00e9e, le mariage c&rsquo;est un peu un r\u00eave de petite fille&#8230; La magnifique robe, une jolie coiffure et le somptueux bouquet qui viendra illuminer l&rsquo;ensemble&#8230; Que serait la mari\u00e9e sans son bouquet??<\/p>\n<p><img loading=\"lazy\" decoding=\"async\" class=\"aligncenter size-medium wp-image-156\" title=\"bouquet de mari\u00e9e callas blanc\" src=\"http:\/\/christianmorel.com\/blog\/wp-content\/uploads\/mari\u00e9e-callas-blc--575x431.jpg\" alt=\"bouquet de mari\u00e9e callas blanc\" width=\"575\" height=\"431\" \/><\/p>\n<p>Chez Christian Morel, nous vous proposons un large choix de cr\u00e9ations originales chics et \u00e9l\u00e9gantes pour que votre bouquet, que votre mariage soient vraiment uniques!<\/p>\n<p><img loading=\"lazy\" decoding=\"async\" class=\"aligncenter size-medium wp-image-157\" title=\"bouquet de mari\u00e9e roses rose + perles (4)\" src=\"http:\/\/christianmorel.com\/blog\/wp-content\/uploads\/roses-rose-+-perles-4-575x431.jpg\" alt=\"bouquet de mari\u00e9e roses rose + perles (4)\" width=\"575\" height=\"431\" \/><\/p>\n<p>N&rsquo;h\u00e9sitez pas \u00e0 nous rendre visite et laissez nous vous conseiller.<\/p>\n<p>A tr\u00e8s bient\u00f4t,<\/p>\n<p>Christian Morel<\/p>\n","protected":false},"excerpt":{"rendered":"<p>Le mariage, c&rsquo;est la journ\u00e9e des mari\u00e9s&#8230; Mais n&rsquo;est ce pas avant tout la journ\u00e9e de la mari\u00e9e?? Que serait la mari\u00e9e sans son bouquet??<\/p>\n","protected":false},"author":2,"featured_media":0,"comment_status":"open","ping_status":"closed","sticky":false,"template":"","format":"standard","meta":{"_acf_changed":false,"_monsterinsights_skip_tracking":false,"_monsterinsights_sitenote_active":false,"_monsterinsights_sitenote_note":"","_monsterinsights_sitenote_category":0,"footnotes":""},"categories":[11,16],"tags":[23,81660,18,81662],"class_list":["post-154","post","type-post","status-publish","format-standard","hentry","category-decoration","category-mariage","tag-bouquet-de-mariee","tag-decoration","tag-eglise","tag-mariage"],"acf":[],"aioseo_notices":[],"_links":{"self":[{"href":"https:\/\/www.christianmorel.com\/blog\/wp-json\/wp\/v2\/posts\/154","targetHints":{"allow":["GET"]}}],"collection":[{"href":"https:\/\/www.christianmorel.com\/blog\/wp-json\/wp\/v2\/posts"}],"about":[{"href":"https:\/\/www.christianmorel.com\/blog\/wp-json\/wp\/v2\/types\/post"}],"author":[{"embeddable":true,"href":"https:\/\/www.christianmorel.com\/blog\/wp-json\/wp\/v2\/users\/2"}],"replies":[{"embeddable":true,"href":"https:\/\/www.christianmorel.com\/blog\/wp-json\/wp\/v2\/comments?post=154"}],"version-history":[{"count":9,"href":"https:\/\/www.christianmorel.com\/blog\/wp-json\/wp\/v2\/posts\/154\/revisions"}],"predecessor-version":[{"id":440,"href":"https:\/\/www.christianmorel.com\/blog\/wp-json\/wp\/v2\/posts\/154\/revisions\/440"}],"wp:attachment":[{"href":"https:\/\/www.christianmorel.com\/blog\/wp-json\/wp\/v2\/media?parent=154"}],"wp:term":[{"taxonomy":"category","embeddable":true,"href":"https:\/\/www.christianmorel.com\/blog\/wp-json\/wp\/v2\/categories?post=154"},{"taxonomy":"post_tag","embeddable":true,"href":"https:\/\/www.christianmorel.com\/blog\/wp-json\/wp\/v2\/tags?post=154"}],"curies":[{"name":"wp","href":"https:\/\/api.w.org\/{rel}","templated":true}]}}