{"id":1012,"date":"2014-11-20T18:35:38","date_gmt":"2014-11-20T17:35:38","guid":{"rendered":"https:\/\/www.christianmorel.com\/blog\/?p=1012"},"modified":"2014-12-31T13:58:06","modified_gmt":"2014-12-31T12:58:06","slug":"un-mariage-automnal","status":"publish","type":"post","link":"https:\/\/www.christianmorel.com\/blog\/un-mariage-automnal","title":{"rendered":"Un mariage automnal"},"content":{"rendered":"<p>Nous avons r\u00e9alis\u00e9 des centres de tables sur le th\u00e8me de l&rsquo;automne.<\/p>\n<p>Les mari\u00e9s souhaitaient des compositions color\u00e9es jaunes orang\u00e9es.<\/p>\n<p>Nous leur avons concoct\u00e9 une composition sur mesure compos\u00e9e de trois vases, surmont\u00e9s de roses jaunes orang\u00e9es et d&rsquo;hyp\u00e9ricum pour le premier vase.<\/p>\n<p>Pour le second des callas oranges en rupture du vase, et pour le troisi\u00e8me une masse de corail orange et a la base une t\u00eate d&rsquo;hortensia de couleur tr\u00e8s automnales.<\/p>\n<p><img loading=\"lazy\" decoding=\"async\" class=\"aligncenter size-medium wp-image-1013\" title=\"centres de tables fleuriste paris\" src=\"https:\/\/www.christianmorel.com\/blog\/wp-content\/uploads\/IMG_5417-575x431.jpg\" alt=\"\" width=\"575\" height=\"431\" \/><\/p>\n<p>La couleur des compositions se mariait parfaitement avec le d\u00e9cor du salon de l&rsquo;h\u00f4tel ou les mari\u00e9s faisaient leur r\u00e9ception.<\/p>\n<p><img loading=\"lazy\" decoding=\"async\" class=\"aligncenter size-medium wp-image-1015\" title=\"centres de tables paris 11eme\" src=\"https:\/\/www.christianmorel.com\/blog\/wp-content\/uploads\/IMG_54131-e1416504775112-575x766.jpg\" alt=\"\" width=\"575\" height=\"766\" \/><\/p>\n<p>Nous sommes en mesure de r\u00e9aliser tous vos projets m\u00eame les plus fous !<\/p>\n<p>Christian Morel et son \u00e9quipe, sp\u00e9cialistes du mariage sur mesure.<\/p>\n","protected":false},"excerpt":{"rendered":"<p>Nous avons r\u00e9alis\u00e9 des centres de tables sur le th\u00e8me de l&rsquo;automne. Les mari\u00e9s souhaitaient des compositions color\u00e9es jaunes orang\u00e9es. Nous leur avons concoct\u00e9 une composition sur mesure compos\u00e9e de trois vases, surmont\u00e9s de roses jaunes orang\u00e9es et d&rsquo;hyp\u00e9ricum pour le premier vase. Pour le second des callas oranges en rupture du vase, et pour [&hellip;]<\/p>\n","protected":false},"author":2,"featured_media":0,"comment_status":"open","ping_status":"closed","sticky":false,"template":"","format":"standard","meta":{"_acf_changed":false,"_monsterinsights_skip_tracking":false,"_monsterinsights_sitenote_active":false,"_monsterinsights_sitenote_note":"","_monsterinsights_sitenote_category":0,"footnotes":""},"categories":[7,66,11,19,16],"tags":[280,285,287,288,81662,52],"class_list":["post-1012","post","type-post","status-publish","format-standard","hentry","category-actualite","category-amoureux","category-decoration","category-evenementiel","category-mariage","tag-centres-de-tables","tag-fleuriste-11eme","tag-fleuristeparis","tag-fleurs-automne","tag-mariage","tag-paris"],"acf":[],"aioseo_notices":[],"_links":{"self":[{"href":"https:\/\/www.christianmorel.com\/blog\/wp-json\/wp\/v2\/posts\/1012","targetHints":{"allow":["GET"]}}],"collection":[{"href":"https:\/\/www.christianmorel.com\/blog\/wp-json\/wp\/v2\/posts"}],"about":[{"href":"https:\/\/www.christianmorel.com\/blog\/wp-json\/wp\/v2\/types\/post"}],"author":[{"embeddable":true,"href":"https:\/\/www.christianmorel.com\/blog\/wp-json\/wp\/v2\/users\/2"}],"replies":[{"embeddable":true,"href":"https:\/\/www.christianmorel.com\/blog\/wp-json\/wp\/v2\/comments?post=1012"}],"version-history":[{"count":1,"href":"https:\/\/www.christianmorel.com\/blog\/wp-json\/wp\/v2\/posts\/1012\/revisions"}],"predecessor-version":[{"id":1016,"href":"https:\/\/www.christianmorel.com\/blog\/wp-json\/wp\/v2\/posts\/1012\/revisions\/1016"}],"wp:attachment":[{"href":"https:\/\/www.christianmorel.com\/blog\/wp-json\/wp\/v2\/media?parent=1012"}],"wp:term":[{"taxonomy":"category","embeddable":true,"href":"https:\/\/www.christianmorel.com\/blog\/wp-json\/wp\/v2\/categories?post=1012"},{"taxonomy":"post_tag","embeddable":true,"href":"https:\/\/www.christianmorel.com\/blog\/wp-json\/wp\/v2\/tags?post=1012"}],"curies":[{"name":"wp","href":"https:\/\/api.w.org\/{rel}","templated":true}]}}